{"id":934,"date":"2020-12-10T16:53:37","date_gmt":"2020-12-10T15:53:37","guid":{"rendered":"https:\/\/www.centritecnopolo.unipr.it\/siteiaparma\/?p=934"},"modified":"2023-03-31T16:09:06","modified_gmt":"2023-03-31T14:09:06","slug":"14-dicembre-sfide-cooperative-sfide-sostenibili-focus-on-agenda-2030-e-green-new-deal","status":"publish","type":"post","link":"https:\/\/www.centritecnopolo.unipr.it\/siteiaparma\/2020\/12\/10\/14-dicembre-sfide-cooperative-sfide-sostenibili-focus-on-agenda-2030-e-green-new-deal\/","title":{"rendered":"14 dicembre: \u201cSfide cooperative \u2013 Sfide sostenibili. Focus on Agenda 2030 e Green New Deal\u201d"},"content":{"rendered":"\n<p>Evento on line nell\u2019ambito del bando Coopstartup Emilia Ovest, di cui l\u2019Universit\u00e0 di Parma \u00e8 partner <\/p>\n\n\n\n<p><strong>Luned\u00ec 14 dicembre dalle 17.45 alle 19<\/strong> \u00e8 in programma l\u2019evento online <strong>\u201cSfide cooperative \u2013 Sfide sostenibili. Focus on Agenda 2030 e Green New Deal<\/strong>\u201d, organizzato nell\u2019ambito del Bando Coopstartup Emilia Ovest, di cui l\u2019Universit\u00e0 di Parma \u00e8 partner.<\/p>\n\n\n\n<p>Si parler\u00e0 di sostenibilit\u00e0, storie eccellenti, traguardi cooperativi e ricerche innovative.<br>Troveranno voce esperienze significative dal mondo cooperativo e universitario, per poi culminare nell\u2019intervento di <strong>Elly Schlein<\/strong>, Vice Presidente della Regione Emilia-Romagna con delega alla Transizione ecologica. Tra gli interventi anche quello di <a href=\"https:\/\/personale.unipr.it\/it\/ugovdocenti\/person\/112806\"><strong>Mirko Morini<\/strong><\/a>, docente di dinamica e controllo dei sistemi energetici all\u2019Universit\u00e0 di Parma, afferente anche al SITEIA.PARMA \u2013 Centro Interdipartimentale sulla Sicurezza, Tecnologie e Innovazione Agroalimentare dell\u2019Ateneo. Uno spazio sar\u00e0 riservato alla presentazione di Coopstartup da parte di <strong>Matteo Pellegrini<\/strong> di Legacoop Emilia Ovest.<\/p>\n\n\n\n<p><strong>L\u2019evento sar\u00e0 in diretta sulla pagina Facebook di Legacoop Emilia Ovest <a href=\"https:\/\/eur01.safelinks.protection.outlook.com\/?url=http%3A%2F%2Fwww.facebook.com%2Flegacoopemiliaovest&amp;data=04%7C01%7Cufficiostampa%40unipr.it%7Cbaa28e6dcd87425c911c08d89c15f3f1%7Cbb064bc5b7a841ecbabed7beb3faeb1c%7C0%7C0%7C637430965955717672%7CUnknown%7CTWFpbGZsb3d8eyJWIjoiMC4wLjAwMDAiLCJQIjoiV2luMzIiLCJBTiI6Ik1haWwiLCJXVCI6Mn0%3D%7C1000&amp;sdata=QrHLlabnD6K4vg84IRe2Ykxo8FYcHkVnXQl3w0I%2F9SE%3D&amp;reserved=0\" target=\"_blank\" rel=\"noreferrer noopener\">www.facebook.com\/legacoopemiliaovest<\/a><\/strong> e<strong> sul canale Youtube di Legacoop Nazionale<\/strong><\/p>\n\n\n\n<p>L\u2019iniziativa, promossa da Legacoop Emilia Ovest in collaborazione con Impact Hub Reggio Emilia, ART-ER, Tecnopoli di Reggio Emilia, Parma e Piacenza, Officine On\/Off, rientra nel Bando Coopstartup Emilia Ovest, volto a sostenere la nascita di nuove cooperative nei territori di Reggio Emilia, Parma e Piacenza, aperto fino al 31 dicembre 2020.<\/p>\n\n\n\n<p><a href=\"https:\/\/www.unipr.it\/sites\/default\/files\/allegatiparagrafo\/10-12-2020\/coopstartup_emilia_ovest_evento_14-12_locandina_leo.pdf\">La locandina<\/a><\/p>\n","protected":false},"excerpt":{"rendered":"<p>Evento on line nell\u2019ambito del bando Coopstartup Emilia Ovest, di cui l\u2019Universit\u00e0 di Parma \u00e8 partner Luned\u00ec 14 dicembre dalle [&hellip;]<\/p>\n","protected":false},"author":23,"featured_media":935,"comment_status":"closed","ping_status":"closed","sticky":false,"template":"","format":"standard","meta":[],"categories":[5],"tags":[],"acf":[],"_links":{"self":[{"href":"https:\/\/www.centritecnopolo.unipr.it\/siteiaparma\/wp-json\/wp\/v2\/posts\/934"}],"collection":[{"href":"https:\/\/www.centritecnopolo.unipr.it\/siteiaparma\/wp-json\/wp\/v2\/posts"}],"about":[{"href":"https:\/\/www.centritecnopolo.unipr.it\/siteiaparma\/wp-json\/wp\/v2\/types\/post"}],"author":[{"embeddable":true,"href":"https:\/\/www.centritecnopolo.unipr.it\/siteiaparma\/wp-json\/wp\/v2\/users\/23"}],"replies":[{"embeddable":true,"href":"https:\/\/www.centritecnopolo.unipr.it\/siteiaparma\/wp-json\/wp\/v2\/comments?post=934"}],"version-history":[{"count":1,"href":"https:\/\/www.centritecnopolo.unipr.it\/siteiaparma\/wp-json\/wp\/v2\/posts\/934\/revisions"}],"predecessor-version":[{"id":936,"href":"https:\/\/www.centritecnopolo.unipr.it\/siteiaparma\/wp-json\/wp\/v2\/posts\/934\/revisions\/936"}],"wp:featuredmedia":[{"embeddable":true,"href":"https:\/\/www.centritecnopolo.unipr.it\/siteiaparma\/wp-json\/wp\/v2\/media\/935"}],"wp:attachment":[{"href":"https:\/\/www.centritecnopolo.unipr.it\/siteiaparma\/wp-json\/wp\/v2\/media?parent=934"}],"wp:term":[{"taxonomy":"category","embeddable":true,"href":"https:\/\/www.centritecnopolo.unipr.it\/siteiaparma\/wp-json\/wp\/v2\/categories?post=934"},{"taxonomy":"post_tag","embeddable":true,"href":"https:\/\/www.centritecnopolo.unipr.it\/siteiaparma\/wp-json\/wp\/v2\/tags?post=934"}],"curies":[{"name":"wp","href":"https:\/\/api.w.org\/{rel}","templated":true}]}}