{"id":491,"date":"2018-04-24T18:16:10","date_gmt":"2018-04-24T16:16:10","guid":{"rendered":"https:\/\/www.centritecnopolo.unipr.it\/siteiaparma\/?p=491"},"modified":"2023-03-31T16:09:11","modified_gmt":"2023-03-31T14:09:11","slug":"grande-successo-per-il-progetto-sostinnovi-al-vinitaly","status":"publish","type":"post","link":"https:\/\/www.centritecnopolo.unipr.it\/siteiaparma\/2018\/04\/24\/grande-successo-per-il-progetto-sostinnovi-al-vinitaly\/","title":{"rendered":"GRANDE SUCCESSO PER IL PROGETTO SOSTINNOVI AL VINITALY"},"content":{"rendered":"<p>Grande successo alla 52\u00b0 esima edizione di Vinitaly,\u00a0Salone Internazionale del vino e dei distillati presso VeronaFiere,\u00a0 per la presentazione dei risultati del progetto SOSTINNOVI.<\/p>\n<p><a href=\"http:\/\/www.sostinnovi.eu\/\"><strong>SOSTINNOVI<\/strong> <\/a>(Sostenibilit\u00e0 e Innovazione nella Filiera Vitivinicola) \u00e8 il progetto\u00a0 che trasforma l\u2019Emilia-Romagna in un punto di riferimento internazionale per l\u2019innovazione sostenibile nella filiera vitivinicola.<\/p>\n<p align=\"LEFT\">Il progetto \u00e8 coordinato dal Centro BIOGEST-SITEIA dell\u2019Universit\u00e0 di Modena e Reggio Emilia, e dai partner CIRI-AGRO (Universit\u00e0 di Bologna), INTERMECH.MORE (Universit\u00e0 di Modena e Reggio Emilia), SITEIA.PARMA (Universit\u00e0 di Parma), CRPV Lab (CRPV).<\/p>\n<p align=\"LEFT\">Responsabile Scientifico Siteia Parma: Prof.ssa Federica Bondioli<\/p>\n<p><a href=\"http:\/\/www.lastampa.it\/2017\/06\/07\/multimedia\/scienza\/ambiente\/io-penso-circolare\/progetto-sostinnovi-cos-gli-scarti-della-produzione-del-vino-tornano-utili-Yoi8sRN0qvW8MYP90ZFVqN\/pagina.html\">http:\/\/www.lastampa.it\/2017\/06\/07\/multimedia\/scienza\/ambiente\/io-penso-circolare\/progetto-sostinnovi-cos-gli-scarti-della-produzione-del-vino-tornano-utili-Yoi8sRN0qvW8MYP90ZFVqN\/pagina.html<\/a><\/p>\n","protected":false},"excerpt":{"rendered":"<p>Grande successo alla 52\u00b0 esima edizione di Vinitaly,\u00a0Salone Internazionale del vino e dei distillati presso VeronaFiere,\u00a0 per la presentazione dei [&hellip;]<\/p>\n","protected":false},"author":23,"featured_media":0,"comment_status":"closed","ping_status":"closed","sticky":false,"template":"","format":"standard","meta":[],"categories":[5,1],"tags":[],"acf":[],"_links":{"self":[{"href":"https:\/\/www.centritecnopolo.unipr.it\/siteiaparma\/wp-json\/wp\/v2\/posts\/491"}],"collection":[{"href":"https:\/\/www.centritecnopolo.unipr.it\/siteiaparma\/wp-json\/wp\/v2\/posts"}],"about":[{"href":"https:\/\/www.centritecnopolo.unipr.it\/siteiaparma\/wp-json\/wp\/v2\/types\/post"}],"author":[{"embeddable":true,"href":"https:\/\/www.centritecnopolo.unipr.it\/siteiaparma\/wp-json\/wp\/v2\/users\/23"}],"replies":[{"embeddable":true,"href":"https:\/\/www.centritecnopolo.unipr.it\/siteiaparma\/wp-json\/wp\/v2\/comments?post=491"}],"version-history":[{"count":2,"href":"https:\/\/www.centritecnopolo.unipr.it\/siteiaparma\/wp-json\/wp\/v2\/posts\/491\/revisions"}],"predecessor-version":[{"id":494,"href":"https:\/\/www.centritecnopolo.unipr.it\/siteiaparma\/wp-json\/wp\/v2\/posts\/491\/revisions\/494"}],"wp:attachment":[{"href":"https:\/\/www.centritecnopolo.unipr.it\/siteiaparma\/wp-json\/wp\/v2\/media?parent=491"}],"wp:term":[{"taxonomy":"category","embeddable":true,"href":"https:\/\/www.centritecnopolo.unipr.it\/siteiaparma\/wp-json\/wp\/v2\/categories?post=491"},{"taxonomy":"post_tag","embeddable":true,"href":"https:\/\/www.centritecnopolo.unipr.it\/siteiaparma\/wp-json\/wp\/v2\/tags?post=491"}],"curies":[{"name":"wp","href":"https:\/\/api.w.org\/{rel}","templated":true}]}}