{"id":199,"date":"2016-06-16T09:58:52","date_gmt":"2016-06-16T07:58:52","guid":{"rendered":"https:\/\/www.centritecnopolo.unipr.it\/futuretechnologylab\/?p=199"},"modified":"2023-03-31T16:08:14","modified_gmt":"2023-03-31T14:08:14","slug":"convenzione-fra-universita-parma-stazione-sperimentale-lindustria-delle-conserve-alimentari","status":"publish","type":"post","link":"https:\/\/www.centritecnopolo.unipr.it\/futuretechnologylab\/2016\/06\/16\/convenzione-fra-universita-parma-stazione-sperimentale-lindustria-delle-conserve-alimentari\/","title":{"rendered":"Convenzione tra fra Universit\u00e0 di Parma e Stazione Sperimentale per l\u2019Industria delle Conserve Alimentari"},"content":{"rendered":"<div id=\"block-system-main\" class=\"block block-system block-main block-system-main odd block-without-title\">\n<div class=\"block-inner clearfix\">\n<div class=\"content clearfix\">\n<div id=\"node-news-14364\" class=\"ds-1col node node-news view-mode-full node-not-promoted node-not-sticky author-lisaoppici odd clearfix clearfix\">\n<div class=\"field field-name-field-sottotitolo field-type-text field-label-hidden\">\n<div class=\"field-items\">\n<div class=\"field-item even\">\n<p>Siglata oggi nella sede dell\u2019Ateneo una<a href=\"https:\/\/www.centritecnopolo.unipr.it\/siteiaparma\/il-centro\/documenti\/\"> convenzione<\/a> per attivit\u00e0 di didattica e ricerca su temi legati alla scienza e tecnologia degli alimenti.<\/p>\n<div class=\"field field-name-field-testo-paragrafo field-type-text-long field-label-hidden\">\n<div class=\"field-items\">\n<div class=\"field-item even\">\n<p>Universit\u00e0 di Parma e Stazione Sperimentale per l\u2019Industria delle Conserve Alimentari (SSICA) insieme per lo svolgimento di <strong>attivit\u00e0 didattiche e di ricerca su scienze e tecnologie degli alimenti<\/strong>. Questo il fulcro della <strong>convenzione<\/strong> <strong>siglata oggi<\/strong> nella sede dell\u2019Ateneo dal Rettore <strong>Loris Borghi<\/strong> e dal Presidente della SSICA <strong>Andrea Zanlari<\/strong>.<\/p>\n<p><!--more--><\/p>\n<p>All\u2019incontro hanno partecipato anche il Delegato del Rettore al Food Project d\u2019Ateneo <strong>Corrado Giacomini<\/strong> e il Dirigente di ricerca della SSICA <strong>Giovanni Parolari<\/strong>. Nel corso dell\u2019incontro \u00e8 intervenuto anche <strong>Giancarlo Menta<\/strong>, delegato del Presidente per la costituzione del Comitato di indirizzo della Fondazione di ricerca Stazione sperimentale per l\u2019Industria delle Conserve Alimentari.<\/p>\n<p><strong>Ricerca e formazione didattica e professionale dunque l\u2019obiettivo prioritario dell\u2019accordo<\/strong>, che avr\u00e0 durata triennale. A un Comitato paritetico formato da 3 rappresentanti di ciascuna delle due Istituzioni spetter\u00e0 il compito di organizzare, mettere in atto e gestire la collaborazione tra Universit\u00e0 e Stazione Sperimentale.<\/p>\n<p><strong>Per quanto riguarda la didattica<\/strong>, i due Enti firmatari <strong>collaboreranno per la formazione di studenti nell\u2019ambito del settore agroalimentare<\/strong> con vari livelli di preparazione: diploma, laurea, scuole di specializzazione, dottorati di ricerca, master, corsi di perfezionamento. Saranno inoltre sviluppate iniziative comuni di tipo didattico e formativo prevalentemente rivolte a laureati, diplomati e al personale tecnico dell\u2019industria alimentare: queste iniziative potranno includere workshops, corsi, seminari, e potranno essere attivate anche su richiesta di aziende o gruppi di aziende.<\/p>\n<p><strong>Per quanto riguarda la ricerca agro-alimentare<\/strong>, Ateneo e Stazione Sperimentale intensificheranno le collaborazioni <strong>favorendo la partecipazione congiunta a progetti regionali, nazionali, internazionali<\/strong> e lo svolgimento di altre iniziative promosse da aziende, enti e associazioni pubbliche e private. Universit\u00e0 di Parma e Stazione sperimentale per l\u2019Industria delle Conserve Alimentari <strong>uniranno le forze anche per la ricerca di finanziamenti<\/strong> e lavoreranno a stretto contatto su bandi, gare e \u201ccall\u201d internazionali.<\/p>\n<\/div>\n<\/div>\n<\/div>\n<\/div>\n<\/div>\n<\/div>\n<\/div>\n<\/div>\n<\/div>\n<\/div>\n","protected":false},"excerpt":{"rendered":"<p>Siglata oggi nella sede dell\u2019Ateneo una convenzione per attivit\u00e0 di didattica e ricerca su temi legati alla scienza e tecnologia [&hellip;]<\/p>\n","protected":false},"author":23,"featured_media":0,"comment_status":"open","ping_status":"open","sticky":false,"template":"","format":"standard","meta":[],"categories":[5],"tags":[],"acf":[],"_links":{"self":[{"href":"https:\/\/www.centritecnopolo.unipr.it\/futuretechnologylab\/wp-json\/wp\/v2\/posts\/199"}],"collection":[{"href":"https:\/\/www.centritecnopolo.unipr.it\/futuretechnologylab\/wp-json\/wp\/v2\/posts"}],"about":[{"href":"https:\/\/www.centritecnopolo.unipr.it\/futuretechnologylab\/wp-json\/wp\/v2\/types\/post"}],"author":[{"embeddable":true,"href":"https:\/\/www.centritecnopolo.unipr.it\/futuretechnologylab\/wp-json\/wp\/v2\/users\/23"}],"replies":[{"embeddable":true,"href":"https:\/\/www.centritecnopolo.unipr.it\/futuretechnologylab\/wp-json\/wp\/v2\/comments?post=199"}],"version-history":[{"count":1,"href":"https:\/\/www.centritecnopolo.unipr.it\/futuretechnologylab\/wp-json\/wp\/v2\/posts\/199\/revisions"}],"predecessor-version":[{"id":200,"href":"https:\/\/www.centritecnopolo.unipr.it\/futuretechnologylab\/wp-json\/wp\/v2\/posts\/199\/revisions\/200"}],"wp:attachment":[{"href":"https:\/\/www.centritecnopolo.unipr.it\/futuretechnologylab\/wp-json\/wp\/v2\/media?parent=199"}],"wp:term":[{"taxonomy":"category","embeddable":true,"href":"https:\/\/www.centritecnopolo.unipr.it\/futuretechnologylab\/wp-json\/wp\/v2\/categories?post=199"},{"taxonomy":"post_tag","embeddable":true,"href":"https:\/\/www.centritecnopolo.unipr.it\/futuretechnologylab\/wp-json\/wp\/v2\/tags?post=199"}],"curies":[{"name":"wp","href":"https:\/\/api.w.org\/{rel}","templated":true}]}}