{"id":403,"date":"2022-02-23T13:07:49","date_gmt":"2022-02-23T12:07:49","guid":{"rendered":"https:\/\/www.centritecnopolo.unipr.it\/cipack\/?p=403"},"modified":"2023-03-31T16:06:53","modified_gmt":"2023-03-31T14:06:53","slug":"laboratorio-di-eco-packaging-anche-questanno-grande-partecipazione-alliniziativa-del-gruppo-di-ricerca-della-dott-ssa-cavazza","status":"publish","type":"post","link":"https:\/\/www.centritecnopolo.unipr.it\/cipack\/2022\/02\/23\/laboratorio-di-eco-packaging-anche-questanno-grande-partecipazione-alliniziativa-del-gruppo-di-ricerca-della-dott-ssa-cavazza\/","title":{"rendered":"Laboratorio di eco-packaging: anche quest&#8217;anno grande partecipazione all&#8217;iniziativa del gruppo di ricerca della dott.ssa Cavazza"},"content":{"rendered":"\n<p>Grande partecipazione al Laboratorio virtuale dell&#8217;ecopackaging, che si \u00e8 tenuto il primo dicembre, in occasione del <a rel=\"noreferrer noopener\" href=\"https:\/\/er.festivalculturatecnica.it\/parma\/\" target=\"_blank\"><strong>Festival della Cultura Tecnica di Parma 2021.<\/strong><\/a><\/p>\n\n\n\n<p>Il gruppo di ricerca coordinato dalla dott.ssa&nbsp;<strong>Antonella Cavazza<\/strong>&nbsp;ha organizzato il&nbsp;<strong>laboratorio on-line di eco-packaging<\/strong>, dedicato agli studenti delle scuole superiori, in collaborazione con il Tecnopolo di Parma, il&nbsp;<a href=\"https:\/\/scvsa.unipr.it\/it\" target=\"_blank\" rel=\"noreferrer noopener\">dipartimento SCVSA<\/a>&nbsp;dell&#8217;Universit\u00e0 di Parma, il&nbsp;<a href=\"https:\/\/www.centritecnopolo.unipr.it\/cipack\/\" target=\"_blank\" rel=\"noreferrer noopener\">Centro Cipack<\/a>&nbsp;e la Provincia di Parma.&nbsp;<\/p>\n\n\n\n<p>Il sempre maggiore utilizzo di materiali alternativi alla plastica per minimizzare l&#8217;impatto ambientale degli imballaggi pone il problema del controllo della sicurezza, in particolare nel settore alimentare.<\/p>\n\n\n\n<p>Le attivit\u00e0 di laboratorio miravano nello specifico a presentare la necessit\u00e0 di messa a punto di <strong>metodi analitici di controllo della compatibilit\u00e0 alimentare dei nuovi materiali<\/strong>, in linea con gli obiettivi dell&#8217;<strong>Agenda ONU 2030<\/strong>&nbsp;3 &#8211; salute e benessere, 9 &#8211; imprese innovazione e infrastrutture, 12 &#8211; consumo e produzione responsabili.&nbsp;&nbsp;<\/p>\n\n\n\n<p>Hanno partecipato pi\u00f9 di&nbsp;<strong>350 studenti<\/strong>&nbsp;provenienti da ITIS Leonardo da Vinci di Parma, IST Zanelli di Reggio Emilia, IIS Capellini Sauro&nbsp;di La&nbsp;Spezia, IIS Galileo Galilei di Crema (MN) sezione di scienze dei materiali e IIS Falcone di Asola e Gazoldo d\/I (MN) sezioni di progettazione e produzione grafica.&nbsp;&nbsp;<\/p>\n\n\n\n<p>L&#8217;adesione da parte di istituti superiori emiliani, lombardi e liguri conferma la vivida attenzione che il tema del packaging green e sostenibile solleva tra le giovani generazioni e rappresenta il notevole successo dell&#8217;iniziativa, che per il secondo anno consecutivo raggiunge un elevato numero di sezioni.&nbsp;&nbsp;<\/p>\n\n\n\n<div class=\"wp-block-image\"><figure class=\"alignright is-resized\"><img decoding=\"async\" loading=\"lazy\" src=\"https:\/\/www.centritecnopolo.unipr.it\/wp-content\/uploads\/2022\/01\/262790530_403243498164225_5402223685245063848_n.jpg\" alt=\"\" class=\"wp-image-1080\" width=\"345\" height=\"259\"\/><figcaption>Un dietro le quinte del Laboratorio virtuale di ecopackaging<\/figcaption><\/figure><\/div>\n\n\n\n<p>Il laboratorio \u00e8 stato curato dalla dott.ssa&nbsp;<strong>Antonella Cavazza<\/strong>,&nbsp;<strong>Maria&nbsp;Daiana&nbsp;Grimaldi<\/strong>, dottoranda presso il&nbsp;dip. SCVSA,&nbsp;<strong>Olimpia&nbsp;Pitirollo<\/strong>, assegnista di ricerca nell&#8217;ambito del progetto Parma E-Lab,&nbsp;<strong>Sofia&nbsp;Iafrati<\/strong>&nbsp;e&nbsp;<strong>Silvano Elmiro Mascioli<\/strong>, tesisti presso il&nbsp;dip. SCVSA e&nbsp;<strong>Tiziano Travain<\/strong>, che si \u00e8 occupato di riprese e regia. L&#8217;iniziativa si inserisce tra le attivit\u00e0 del&nbsp;<a href=\"https:\/\/scvsa.unipr.it\/it\/node\/2790\" target=\"_blank\" rel=\"noreferrer noopener\">PLS Area Chimica dell&#8217;Universit\u00e0 di Parma, dipartimento SCVSA<\/a>, nell&#8217;ambito del Piano Nazionale Lauree Scientifiche del MIUR.&nbsp;<\/p>\n\n\n\n<p><strong>Il Festival della Cultura Tecnica<\/strong>&nbsp;<\/p>\n\n\n\n<p>Il Festival della Cultura Tecnica \u00e8 organizzato dalla&nbsp;<strong>Provincia di Parma<\/strong>&nbsp;nell\u2019ambito del piano delle \u201cOperazioni orientative per il successo formativo\u201d, co-finanziato dalla&nbsp;<strong>Regione Emilia-Romagna<\/strong>&nbsp;e gestito in qualit\u00e0 di ente capofila dai Servizi Educativi del&nbsp;<strong>Comune di Parma<\/strong>. Il tema condiviso dell\u2019edizione 2021 \u00e8 \u201c<strong>Istruzione di qualit\u00e0\u201d<\/strong>, con particolare attenzione all&#8217;<strong>inclusivit\u00e0<\/strong>&nbsp;e all&#8217;<strong>equit\u00e0<\/strong>. Per la provincia di Parma rimane strategica l\u2019attenzione da dedicare ad una riflessione costruttiva e partecipata su competenze e abilit\u00e0 da promuovere per una&nbsp;<strong>scuola e una societ\u00e0 all\u2019altezza delle sfide che verranno.<\/strong>&nbsp;<\/p>\n","protected":false},"excerpt":{"rendered":"<p>Grande partecipazione al Laboratorio virtuale dell&#8217;ecopackaging, che si \u00e8 tenuto il primo dicembre, in occasione del Festival della Cultura Tecnica [&hellip;]<\/p>\n","protected":false},"author":23,"featured_media":404,"comment_status":"open","ping_status":"open","sticky":false,"template":"","format":"standard","meta":[],"categories":[5],"tags":[6],"acf":[],"_links":{"self":[{"href":"https:\/\/www.centritecnopolo.unipr.it\/cipack\/wp-json\/wp\/v2\/posts\/403"}],"collection":[{"href":"https:\/\/www.centritecnopolo.unipr.it\/cipack\/wp-json\/wp\/v2\/posts"}],"about":[{"href":"https:\/\/www.centritecnopolo.unipr.it\/cipack\/wp-json\/wp\/v2\/types\/post"}],"author":[{"embeddable":true,"href":"https:\/\/www.centritecnopolo.unipr.it\/cipack\/wp-json\/wp\/v2\/users\/23"}],"replies":[{"embeddable":true,"href":"https:\/\/www.centritecnopolo.unipr.it\/cipack\/wp-json\/wp\/v2\/comments?post=403"}],"version-history":[{"count":1,"href":"https:\/\/www.centritecnopolo.unipr.it\/cipack\/wp-json\/wp\/v2\/posts\/403\/revisions"}],"predecessor-version":[{"id":405,"href":"https:\/\/www.centritecnopolo.unipr.it\/cipack\/wp-json\/wp\/v2\/posts\/403\/revisions\/405"}],"wp:featuredmedia":[{"embeddable":true,"href":"https:\/\/www.centritecnopolo.unipr.it\/cipack\/wp-json\/wp\/v2\/media\/404"}],"wp:attachment":[{"href":"https:\/\/www.centritecnopolo.unipr.it\/cipack\/wp-json\/wp\/v2\/media?parent=403"}],"wp:term":[{"taxonomy":"category","embeddable":true,"href":"https:\/\/www.centritecnopolo.unipr.it\/cipack\/wp-json\/wp\/v2\/categories?post=403"},{"taxonomy":"post_tag","embeddable":true,"href":"https:\/\/www.centritecnopolo.unipr.it\/cipack\/wp-json\/wp\/v2\/tags?post=403"}],"curies":[{"name":"wp","href":"https:\/\/api.w.org\/{rel}","templated":true}]}}