{"id":345,"date":"2020-12-28T23:17:30","date_gmt":"2020-12-28T22:17:30","guid":{"rendered":"https:\/\/www.centritecnopolo.unipr.it\/cipack\/?p=345"},"modified":"2023-03-31T16:06:54","modified_gmt":"2023-03-31T14:06:54","slug":"packaging-ecosostenibile-360-studenti-delle-superiori-al-laboratorio-virtuale-della-prof-ssa-cavazza","status":"publish","type":"post","link":"https:\/\/www.centritecnopolo.unipr.it\/cipack\/2020\/12\/28\/packaging-ecosostenibile-360-studenti-delle-superiori-al-laboratorio-virtuale-della-prof-ssa-cavazza\/","title":{"rendered":"Packaging ecosostenibile, 360 studenti delle superiori al Laboratorio virtuale della prof.ssa Cavazza"},"content":{"rendered":"\n<p>L\u2019iniziativa, promossa da Dipartimento SCVSA, Tecnopolo di Parma e CIPACK, in collaborazione con la Provincia di Parma, ha ottenuto il pi\u00f9 alto livello di interesse delle scuole all\u2019interno del Festival della Cultura Tecnica 2020 <\/p>\n\n\n\n<p>Sono ben <strong>360 gli studenti di sei scuole superiori del territorio<\/strong> che, insieme ai loro insegnanti, hanno <strong>partecipato marted\u00ec 15 dicembre al<\/strong> <strong>Laboratorio virtuale sull&#8217;Ecopackaging<\/strong> promosso da <strong>Dipartimento di Scienze Chimiche, della Vita e della Sostenibilit\u00e0 Ambientale \u2013 SCVSA, Tecnopolo di Parma<\/strong> e <strong>CIPACK &#8211; Centro Interdipartimentale per il Packaging <\/strong>dell&#8217;Universit\u00e0 di Parma, in collaborazione con il Servizio Programmazione Rete Scolastica della Provincia di Parma.<\/p>\n\n\n\n<p>Il Laboratorio proposto dall\u2019Ateneo \u00e8 stato l\u2019<strong>evento pi\u00f9 partecipato di tutto il Festival della Cultura tecnica 2020 per la provincia di Parma;<\/strong> viste le numerose richieste di partecipazione, sar\u00e0 ripetuto in febbraio per le scuole che non hanno potuto collegarsi. Hanno aderito le scuole IPSASR \u201cS. Solari\u201d di Fidenza, l\u2019Istituto di Istruzione Superiore &#8220;Zappa-Fermi&#8221; di Borgo Val di Taro e, da Parma, l\u2019Istituto Tecnico Agrario &#8221;F. Bocchialini&#8221;, l\u2019Istituto Tecnico Statale per Geometri \u201cC. Rondani\u201d, l\u2019Itis \u201cLeonardo da Vinci\u201d e l\u2019Ipsia \u201cPrimo Levi\u201d.<\/p>\n\n\n\n<p>L\u2019ottimo risultato \u00e8 stato raggiunto grazie ad <strong><a href=\"https:\/\/personale.unipr.it\/it\/ugovdocenti\/person\/88415\">Antonella Cavazza<\/a>,<\/strong> docente di Chimica analitica, insieme a <strong>Maria Daiana Grimaldi<\/strong>, dottoranda in Scienze Chimiche e <strong>Olimpia Pitirollo<\/strong>, assegnista del Progetto regionale Parma E LAB. Con il supporto organizzativo e tecnico dello staff del Tecnopolo di Parma e della Provincia, in diretta web dal loro laboratorio hanno condotto gli studenti in un <strong>percorso <\/strong><strong>alla scoperta di nuove risorse per la realizzazione di materiali alternativi alla plastica<\/strong>, in un\u2019ottica di <strong>economia circolare e&nbsp;sostenibilit\u00e0.<\/strong><\/p>\n\n\n\n<p><em>\u00abAnche quest\u2019anno si conferma l\u2019importante ruolo nel territorio del nostro Tecnopolo <\/em>\u2013 ha commentato <a href=\"https:\/\/personale.unipr.it\/it\/ugovdocenti\/person\/101884\"><strong>Fabrizio Storti<\/strong><\/a>, Pro Rettore alla Terza Missione &#8211;<em> che gi\u00e0 nel 2019, con il progetto \u2018Prove di innovazione\u2019 in collaborazione con CISITA Parma, ha coinvolto 400 studenti di 11 scuole di Parma e provincia nei laboratori interattivi organizzati dai nostri Centri Interdipartimentali di Ricerca Cipack e Siteia.Parma. Le premesse per lo sviluppo della cultura tecnica sono sicuramente attivit\u00e0 come questa, capaci di accrescere interesse e curiosit\u00e0 delle nuove generazioni verso gli aspetti tecnici e scientifici che ci riguardano pi\u00f9 da vicino\u00bb.<\/em><\/p>\n\n\n\n<p><strong>Il laboratorio virtuale<\/strong><br>Il packaging ha l&#8217;importante funzione di preservare il cibo dal deperimento, ma l\u2019utilizzo eccessivo della plastica ha portato a seri problemi ambientali. \u00c9 quindi necessario trovare soluzioni alternative che rispettino l&#8217;ecosistema. Un&#8217;idea \u00e8 quella di prendere spunto da quello che la natura ci offre sfruttando risorse &#8220;green&#8221; e sostenibili nell&#8217;ottica di quella che \u00e8 definita Economia Circolare. Cos\u00ec i sottoprodotti dell&#8217;industria agroalimentare, ancora ricchi di sostanze attive, possono diventare una nuova fonte per la realizzazione di materiali innovativi. \u00c9 questo quello che hanno rappresentato le ricercatrici alle ragazze e ai ragazzi di 2^, 3^, 4^ e 5^ superiore che hanno assistito agli esperimenti su come poter ottenere un packaging &#8220;attivo&#8221; ed edibile, che pu\u00f2 avere un importante effetto nel prolungare la durabilit\u00e0 dei prodotti: soluzioni spray, pellicole biodegradabili, rivestimenti per il trattamento di legno e cartone. Tante le domande ricevute in diretta attraverso la messaggistica del webinar e circa 100 le risposte al sondaggio interattivo proposto durante l\u2019evento, con circa l\u201980% dei rispondenti che si \u00e8 detto interessato all\u2019argomento del packaging dopo aver partecipato al laboratorio.<\/p>\n\n\n\n<p><strong>Il Festival della Cultura Tecnica<\/strong><br>Il Festival della Cultura Tecnica \u00e8 organizzato dalla <strong>Provincia di Parma<\/strong> nell&#8217;ambito del piano delle &#8220;Operazioni orientative per il successo formativo&#8221;, co-finanziato dalla <strong>Regione Emilia-Romagna<\/strong> e gestito in qualit\u00e0 di ente capofila dai Servizi Educativi del <strong>Comune di Parma<\/strong>. Il tema condiviso dell&#8217;edizione 2020 \u00e8 &#8220;<strong>Sviluppo sostenibile e Resilienza&#8221;, <\/strong>quest\u2019ultima intesa come fattore chiave per il superamento dell&#8217;attuale crisi sanitaria, con un focus sui 17 obiettivi dell&#8217;Agenda ONU 2030. Per la provincia di Parma rimane strategica l&#8217;attenzione da dedicare alla <strong>tematica della parit\u00e0 di genere, in quanto l&#8217;emergenza sanitaria in corso rischia di compromettere importanti risultati fino ad oggi raggiunti<\/strong>, sia in termini di riduzione delle disuguaglianze che di allargamento dell&#8217;inclusione.<\/p>\n\n\n\n<p><a href=\"https:\/\/www.unipr.it\/sites\/default\/files\/allegatiparagrafo\/23-12-2020\/festival_cultura_tecnica.pdf\">Comunicato stampa ufficiale<\/a><\/p>\n","protected":false},"excerpt":{"rendered":"<p>L\u2019iniziativa, promossa da Dipartimento SCVSA, Tecnopolo di Parma e CIPACK, in collaborazione con la Provincia di Parma, ha ottenuto il [&hellip;]<\/p>\n","protected":false},"author":23,"featured_media":346,"comment_status":"open","ping_status":"open","sticky":false,"template":"","format":"standard","meta":[],"categories":[5],"tags":[],"acf":[],"_links":{"self":[{"href":"https:\/\/www.centritecnopolo.unipr.it\/cipack\/wp-json\/wp\/v2\/posts\/345"}],"collection":[{"href":"https:\/\/www.centritecnopolo.unipr.it\/cipack\/wp-json\/wp\/v2\/posts"}],"about":[{"href":"https:\/\/www.centritecnopolo.unipr.it\/cipack\/wp-json\/wp\/v2\/types\/post"}],"author":[{"embeddable":true,"href":"https:\/\/www.centritecnopolo.unipr.it\/cipack\/wp-json\/wp\/v2\/users\/23"}],"replies":[{"embeddable":true,"href":"https:\/\/www.centritecnopolo.unipr.it\/cipack\/wp-json\/wp\/v2\/comments?post=345"}],"version-history":[{"count":2,"href":"https:\/\/www.centritecnopolo.unipr.it\/cipack\/wp-json\/wp\/v2\/posts\/345\/revisions"}],"predecessor-version":[{"id":348,"href":"https:\/\/www.centritecnopolo.unipr.it\/cipack\/wp-json\/wp\/v2\/posts\/345\/revisions\/348"}],"wp:featuredmedia":[{"embeddable":true,"href":"https:\/\/www.centritecnopolo.unipr.it\/cipack\/wp-json\/wp\/v2\/media\/346"}],"wp:attachment":[{"href":"https:\/\/www.centritecnopolo.unipr.it\/cipack\/wp-json\/wp\/v2\/media?parent=345"}],"wp:term":[{"taxonomy":"category","embeddable":true,"href":"https:\/\/www.centritecnopolo.unipr.it\/cipack\/wp-json\/wp\/v2\/categories?post=345"},{"taxonomy":"post_tag","embeddable":true,"href":"https:\/\/www.centritecnopolo.unipr.it\/cipack\/wp-json\/wp\/v2\/tags?post=345"}],"curies":[{"name":"wp","href":"https:\/\/api.w.org\/{rel}","templated":true}]}}